{"id":8069,"global_id":"www.envirosoil.es\/ca\/?id=8069","global_id_lineage":["www.envirosoil.es\/ca\/?id=8069"],"author":"4","status":"publish","date":"2023-09-28 16:13:24","date_utc":"2023-09-28 16:13:24","modified":"2023-09-28 16:21:48","modified_utc":"2023-09-28 16:21:48","url":"https:\/\/www.envirosoil.es\/ca\/evento\/ecofira-2023-feria-internacional-de-las-soluciones-medioambientales\/","rest_url":"https:\/\/www.envirosoil.es\/ca\/wp-json\/tribe\/events\/v1\/events\/8069","title":"Ecofira 2023 &#8211; Feria Internacional de las Soluciones Medioambientales","description":"<p>[et_pb_section fb_built=&#8221;1&#8243; admin_label=&#8221;section&#8221; _builder_version=&#8221;4.16&#8243; global_colors_info=&#8221;{}&#8221;][et_pb_row admin_label=&#8221;row&#8221; _builder_version=&#8221;4.16&#8243; background_size=&#8221;initial&#8221; background_position=&#8221;top_left&#8221; background_repeat=&#8221;repeat&#8221; global_colors_info=&#8221;{}&#8221;][et_pb_column type=&#8221;4_4&#8243; _builder_version=&#8221;4.16&#8243; custom_padding=&#8221;|||&#8221; global_colors_info=&#8221;{}&#8221; custom_padding__hover=&#8221;|||&#8221;][et_pb_text admin_label=&#8221;Text&#8221; _builder_version=&#8221;4.16&#8243; background_size=&#8221;initial&#8221; background_position=&#8221;top_left&#8221; background_repeat=&#8221;repeat&#8221; global_colors_info=&#8221;{}&#8221;]<\/p>\n<p style=\"text-align: justify;\">ECOFIRA es el certamen internacional de las soluciones medioambientales, un punto de encuentro en el que empresas y organismos p\u00fablicos presentan los \u00faltimos avances en gesti\u00f3n medioambiental eficiente. Con 19 ediciones celebradas, el certamen se ha consolidado como referencia para los profesionales y las empresas del sector, no s\u00f3lo por su oferta comercial, sino tambi\u00e9n por su car\u00e1cter de foro de debate y conocimiento. Una feria que re\u00fane\u00a0todos los \u00e1mbitos de inter\u00e9s en la gesti\u00f3n medioambiental, desde la recogida, transporte y tratamiento de residuos a la valorizaci\u00f3n y reciclaje de residuos o sistemas de eliminaci\u00f3n de residuos.<\/p>\n<p>&nbsp;<\/p>\n<p>&nbsp;<\/p>\n<p>[\/et_pb_text][\/et_pb_column][\/et_pb_row][\/et_pb_section]<\/p>","excerpt":"","slug":"ecofira-2023-feria-internacional-de-las-soluciones-medioambientales","image":{"url":"https:\/\/www.envirosoil.es\/wp-content\/uploads\/2023\/09\/EVENTOS_2310_Ecofira-Valencia-1.jpg","id":8074,"extension":"jpg","width":1024,"height":472,"filesize":31269,"sizes":{"medium":{"width":300,"height":138,"mime-type":"image\/jpeg","filesize":8464,"url":"https:\/\/www.envirosoil.es\/wp-content\/uploads\/2023\/09\/EVENTOS_2310_Ecofira-Valencia-1-300x138.jpg"},"thumbnail":{"width":150,"height":150,"mime-type":"image\/jpeg","filesize":5937,"url":"https:\/\/www.envirosoil.es\/wp-content\/uploads\/2023\/09\/EVENTOS_2310_Ecofira-Valencia-1-150x150.jpg"},"medium_large":{"width":768,"height":354,"mime-type":"image\/jpeg","filesize":26387,"url":"https:\/\/www.envirosoil.es\/wp-content\/uploads\/2023\/09\/EVENTOS_2310_Ecofira-Valencia-1-768x354.jpg"},"et-pb-post-main-image":{"width":400,"height":250,"mime-type":"image\/jpeg","filesize":15260,"url":"https:\/\/www.envirosoil.es\/wp-content\/uploads\/2023\/09\/EVENTOS_2310_Ecofira-Valencia-1-400x250.jpg"},"et-pb-portfolio-image":{"width":400,"height":284,"mime-type":"image\/jpeg","filesize":15970,"url":"https:\/\/www.envirosoil.es\/wp-content\/uploads\/2023\/09\/EVENTOS_2310_Ecofira-Valencia-1-400x284.jpg"},"et-pb-portfolio-module-image":{"width":510,"height":382,"mime-type":"image\/jpeg","filesize":21466,"url":"https:\/\/www.envirosoil.es\/wp-content\/uploads\/2023\/09\/EVENTOS_2310_Ecofira-Valencia-1-510x382.jpg"},"et-pb-gallery-module-image-portrait":{"width":400,"height":472,"mime-type":"image\/jpeg","filesize":17013,"url":"https:\/\/www.envirosoil.es\/wp-content\/uploads\/2023\/09\/EVENTOS_2310_Ecofira-Valencia-1-400x472.jpg"},"et-pb-image--responsive--tablet":{"width":980,"height":452,"mime-type":"image\/jpeg","filesize":34331,"url":"https:\/\/www.envirosoil.es\/wp-content\/uploads\/2023\/09\/EVENTOS_2310_Ecofira-Valencia-1-980x452.jpg"},"et-pb-image--responsive--phone":{"width":480,"height":221,"mime-type":"image\/jpeg","filesize":15101,"url":"https:\/\/www.envirosoil.es\/wp-content\/uploads\/2023\/09\/EVENTOS_2310_Ecofira-Valencia-1-480x221.jpg"}}},"all_day":true,"start_date":"2023-11-14 00:00:00","start_date_details":{"year":"2023","month":"11","day":"14","hour":"00","minutes":"00","seconds":"00"},"end_date":"2023-11-16 23:59:59","end_date_details":{"year":"2023","month":"11","day":"16","hour":"23","minutes":"59","seconds":"59"},"utc_start_date":"2023-11-14 00:00:00","utc_start_date_details":{"year":"2023","month":"11","day":"14","hour":"00","minutes":"00","seconds":"00"},"utc_end_date":"2023-11-16 23:59:59","utc_end_date_details":{"year":"2023","month":"11","day":"16","hour":"23","minutes":"59","seconds":"59"},"timezone":"UTC+0","timezone_abbr":"UTC+0","cost":"","cost_details":{"currency_symbol":"","currency_code":"","currency_position":"prefix","values":[]},"website":"https:\/\/ecofira.feriavalencia.com","show_map":true,"show_map_link":true,"hide_from_listings":false,"sticky":false,"featured":false,"categories":[],"tags":[],"venue":{"id":8071,"author":"4","status":"publish","date":"2023-09-28 16:12:49","date_utc":"0000-00-00 00:00:00","modified":"2023-09-28 16:12:49","modified_utc":"0000-00-00 00:00:00","url":"https:\/\/www.envirosoil.es\/recinte\/feria-valencia\/","venue":"Feria Valencia","slug":"feria-valencia","address":"Av. de Les Fires s\/n","city":"Valencia","country":"Espa\u00f1a","province":"Valencia","zip":"46035","phone":"963861200","website":"https:\/\/ecofira.feriavalencia.com\/","stateprovince":"Valencia","json_ld":{"@type":"Place","name":"Feria Valencia","description":"","url":"","address":{"@type":"PostalAddress","streetAddress":"Av. de Les Fires s\/n","addressLocality":"Valencia","addressRegion":"Valencia","postalCode":"46035","addressCountry":"Espa\u00f1a"},"telephone":"963861200","sameAs":"https:\/\/ecofira.feriavalencia.com\/"},"show_map":true,"show_map_link":true,"global_id":"www.envirosoil.es\/ca\/?id=8071","global_id_lineage":["www.envirosoil.es\/ca\/?id=8071"]},"organizer":[],"custom_fields":[],"json_ld":{"@context":"http:\/\/schema.org","@type":"Event","name":"Ecofira 2023 &#8211; Feria Internacional de las Soluciones Medioambientales","description":"&lt;p&gt;ECOFIRA es el certamen internacional de las soluciones medioambientales, un punto de encuentro en el que empresas y organismos p\u00fablicos presentan los \u00faltimos avances en gesti\u00f3n medioambiental eficiente. Con 19 [&hellip;]&lt;\/p&gt;\\n","image":"https:\/\/www.envirosoil.es\/wp-content\/uploads\/2023\/09\/EVENTOS_2310_Ecofira-Valencia-1.jpg","url":"https:\/\/www.envirosoil.es\/ca\/evento\/ecofira-2023-feria-internacional-de-las-soluciones-medioambientales\/","eventAttendanceMode":"https:\/\/schema.org\/OfflineEventAttendanceMode","eventStatus":"https:\/\/schema.org\/EventScheduled","startDate":"2023-11-14T00:00:00+00:00","endDate":"2023-11-16T23:59:59+00:00","location":{"@type":"Place","name":"Feria Valencia","description":"","url":"","address":{"@type":"PostalAddress","streetAddress":"Av. de Les Fires s\/n","addressLocality":"Valencia","addressRegion":"Valencia","postalCode":"46035","addressCountry":"Espa\u00f1a"},"telephone":"963861200","sameAs":"https:\/\/ecofira.feriavalencia.com\/"},"performer":"Organization"}}